{"provider_url": "https://www.placidodecastro.ac.leg.br", "title": "COMUNICADO", "html": "<p style=\"text-align: justify; \">\u00a0\u00a0 \u00a0 \u00a0 O Presidente da C\u00e2mara Municipal de Pl\u00e1cido de Castro,\u00a0 Senhor Paulo Roberto Miranda Ac\u00e1cio de Lima, no uso de suas atribui\u00e7\u00f5es Legais, informa\u00a0 a comunidade em geral, que, em virtude da reforma do audit\u00f3rio da C\u00e2mara de Vereadores a Sess\u00e3o Ordin\u00e1ria marcada para o dia 04 de dezembro de 2018,( ter\u00e7a-feira), ser\u00e1 realizada na Igreja Batista Placidiana, ao Lado do IDAF, a partir das 19:00 horas.</p>\r\n<p style=\"text-align: justify; \">\u00a0\u00a0\u00a0\u00a0\u00a0\u00a0\u00a0\u00a0 Certo de poder contar com a compreens\u00e3o de todos, agradecemos a aten\u00e7\u00e3o.</p>\r\n<p style=\"text-align: justify; \">\u00a0</p>\r\n<p style=\"text-align: justify; \">Paulo Roberto Miranda Ac\u00e1cio de Lima</p>\r\n<p style=\"text-align: justify; \">\u00a0Presidente da C\u00e2mara de Vereadores</p>\r\n<p style=\"text-align: justify; \">\u00a0</p>\r\n<p style=\"text-align: justify; \">\u00a0\u00a0\u00a0\u00a0\u00a0\u00a0\u00a0</p>", "author_name": "wendel_suporte01", "version": "1.0", "author_url": "https://www.placidodecastro.ac.leg.br/author/wendel_suporte01", "provider_name": "C\u00e2mara Municipal", "type": "rich"}