{"provider_url": "https://www.placidodecastro.ac.leg.br", "title": "COMUNICADO", "html": "<p style=\"text-align: justify; \">\u00a0\u00a0\u00a0\u00a0\u00a0\u00a0\u00a0\u00a0\u00a0\u00a0\u00a0 No \u00faltimo dia 10 de setembro de 2019, falhas t\u00e9cnicas e problemas no sistema de transmiss\u00e3o, cancelou a Sess\u00e3o Ordin\u00e1ria que seria realizado as 19:00 no Plen\u00e1rio da C\u00e2mara de Vereadores, o software AUDACITY, que \u00e9 utilizado para grava\u00e7\u00e3o de \u00e1udio nas Sess\u00f5es da C\u00e2mara, n\u00e3o estava capturando \u00e1udio Externo, apresentando travamentos e impossibilitando o funcionamento adequado do equipamento.</p>\r\n<p style=\"text-align: justify; \">\u00a0\u00a0\u00a0\u00a0\u00a0\u00a0\u00a0\u00a0\u00a0\u00a0\u00a0\u00a0 Com o problema constatado, a Presidente deste Poder Legislativo se reuniu com os demais vereadores que em consenso, cancelaram a Sess\u00e3o do dia 10 de setembro de 2019 em virtude da falha do equipamento.</p>\r\n<p style=\"text-align: justify; \">\u00a0\u00a0\u00a0\u00a0\u00a0\u00a0\u00a0\u00a0\u00a0 No dia seguinte solicitou manuten\u00e7\u00e3o no equipamento, viabilizando os devidos reparos no sistema de transmiss\u00e3o e a Sess\u00e3o do dia 17 de setembro de 2019 ocorrer\u00e1 normalmente as 19:00 na Sala das Sess\u00f5es Prof. Pedro de Castro Meireles.</p>\r\n<p style=\"text-align: justify; \">\u00a0</p>\r\n<p style=\"text-align: justify; \">\u00a0</p>\r\n<p style=\"text-align: justify; \">\u00a0\u00a0\u00a0\u00a0\u00a0\u00a0\u00a0\u00a0\u00a0\u00a0 </p>", "author_name": "suporte_wendel", "version": "1.0", "author_url": "https://www.placidodecastro.ac.leg.br/author/suporte_wendel", "provider_name": "C\u00e2mara Municipal", "type": "rich"}