{"provider_url": "https://www.placidodecastro.ac.leg.br", "title": "COMUNIDADO", "html": "<p style=\"text-align: justify; \">\u00a0 \u00a0 \u00a0 \u00a0 \u00a0 \u00a0 \u00a0 \u00a0 \u00a0 \u00a0 \u00a0 \u00a0 \u00a0 \u00a0A presid\u00eancia da Mesa Diretora da C\u00e2mara Municipal de Vereadores de Pl\u00e1cido de Castro-Ac, na pessoa do Vereador Paulo Roberto Miranda Ac\u00e1cio de Lima, vem a p\u00fablico manifestar a respeito de fatos amplamente divulgado na imprensa local e nas redes sociais sobre a Opera\u00e7\u00e3o Policial denominada \" Sangue Amargo\" envolvendo 2 (dois) Vereadores com assento nesta casa. <br />\u00a0 \u00a0 \u00a0 \u00a0 \u00a0 \u00a0 \u00a0 \u00a0 \u00a0 \u00a0 \u00a0 \u00a0 \u00a0 Como divulgado, trata-se de opera\u00e7\u00e3o de investiga\u00e7\u00e3o da Polici<span class=\"text_exposed_show\">a Federal que envolve outras pessoas e dois vereadores. A a\u00e7\u00e3o investigada \u00e9 de cunho funcional, exerc\u00edcio de emprego p\u00fablico e atividade empresarial e nada tem a ver com a atividade pol\u00edtica ou mandato parlamentar.<br />\u00a0 \u00a0 \u00a0 \u00a0 \u00a0 \u00a0 \u00a0 \u00a0 \u00a0 \u00a0 \u00a0 \u00a0 \u00a0 A mesa Diretora j\u00e1 encaminhou oficio a Policia Federal solicitando informa\u00e7\u00f5es sobre a opera\u00e7\u00e3o policial realizada.<br />\u00a0 \u00a0 \u00a0 \u00a0 \u00a0 \u00a0 \u00a0 \u00a0 \u00a0 \u00a0 \u00a0 \u00a0 \u00a0 Por enquanto, aguardaremos resposta, para posteriormente, se for o caso tomar providencias no \u00e2mbito Legislativo. Nos termos do Regimento Interno, vereador no exerc\u00edcio do mandato n\u00e3o pode ausentar de forma injustificada de 3 (tr\u00eas) sess\u00f5es consecutivas, al\u00e9m de que estamos encerrando o ano Legislativo e o bi\u00eanio da gest\u00e3o da atual Mesa Diretora, mudan\u00e7a no comando do legislativo municipal.<br />\u00a0 \u00a0 \u00a0 \u00a0 \u00a0 \u00a0 \u00a0 \u00a0 \u00a0 \u00a0 \u00a0 \u00a0 \u00a0 Solicitamos da Assessoria Jur\u00eddica desta casa, que estude toda situa\u00e7\u00e3o e as medidas cab\u00edveis em que o caso requer.<br />\u00a0 \u00a0 \u00a0 \u00a0 \u00a0 \u00a0 \u00a0 \u00a0 \u00a0 \u00a0 \u00a0 \u00a0 \u00a0 Com o desenrolar dos fatos e as providencias judiciais que forem tomadas, nos pr\u00f3ximos dias, a Mesa Diretora, apresentar\u00e1 para conhecimento p\u00fablico as providencias cab\u00edveis que adotar\u00e1.<br /> Por enquanto a quest\u00e3o est\u00e1 no \u00e2mbito de inqu\u00e9rito Policial Federal e ainda n\u00e3o temos informa\u00e7\u00f5es detalhadas do fato ocorrido.</span></p>\r\n<div class=\"text_exposed_show\">\r\n<p style=\"text-align: justify; \">Pl\u00e1cido de Castro-Ac, 16 de Novembro de 2018.<br /> Vereador Paulo Roberto M. Ac\u00e1cio de Lima <br /> Presidente da Mesa Diretora da C\u00e2mara Municipal de Pl\u00e1cido de Castro-Ac.<br /> Bi\u00eanio 2017/2018.</p>\r\n</div>", "author_name": "wendel_suporte01", "version": "1.0", "author_url": "https://www.placidodecastro.ac.leg.br/author/wendel_suporte01", "provider_name": "C\u00e2mara Municipal", "type": "rich"}