{"provider_url": "https://www.placidodecastro.ac.leg.br", "title": "NOTA DE FALECIMENTO", "html": "<p>\u00a0 \u00a0 \u00a0 \u00a0 \u00a0 \u00a0\u00a0 \u00c9 com profundo sentimento de pesar que a C\u00e2mara Municipal de Pl\u00e1cido de Castro, comunica o prematuro falecimento do servidor em Cargo Comissionado desta casa, Adreson Junior Silva Bezerra, a Mesa Diretora em nome dos Vereadores e servidores do Poder Legislativo manifesta voto de pesar aos parentes e amigos, rogando a Deus que conforte a todos, neste momento de dor pela repar\u00e1vel perda.</p>\r\n<p>\u00a0\u00a0\u00a0\u00a0\u00a0\u00a0\u00a0\u00a0\u00a0\u00a0\u00a0\u00a0\u00a0 Em mem\u00f3ria do servidor falecido, decretaremos luto no Poder Legislativo por 3 dias nos termos da lei.</p>\r\n<p>\u00a0</p>\r\n<p>\u00a0\u00a0\u00a0\u00a0\u00a0\u00a0\u00a0\u00a0\u00a0\u00a0 Ver; Paulo Roberto Miranda Ac\u00e1cio de Lima</p>\r\n<p>\u00a0\u00a0\u00a0\u00a0\u00a0\u00a0\u00a0\u00a0\u00a0\u00a0\u00a0\u00a0\u00a0\u00a0\u00a0\u00a0\u00a0\u00a0\u00a0\u00a0\u00a0\u00a0\u00a0\u00a0\u00a0\u00a0\u00a0\u00a0\u00a0\u00a0\u00a0\u00a0\u00a0\u00a0 Presidente</p>", "author_name": "wendel_suporte01", "version": "1.0", "author_url": "https://www.placidodecastro.ac.leg.br/author/wendel_suporte01", "provider_name": "C\u00e2mara Municipal", "type": "rich"}