{"provider_url": "https://www.placidodecastro.ac.leg.br", "title": "                            Nota Explicativa", "html": "<p style=\"text-align: justify; \">\u00a0\u00a0\u00a0\u00a0\u00a0 A Presidente da C\u00e2mara Municipal de Pl\u00e1cido de Castro, Excelent\u00edssima senhora Luciene da Cruz Ramos Hern\u00e1dez informa por meio deste, que a 21\u00aa Sess\u00e3o Ordin\u00e1ria do dia 17 de setembro de 2019, n\u00e3o foi realizado por falta de qu\u00f3rum regimental, conforme prev\u00ea o regimento interno em seu artigo 36, I \u00a7 1\u00b0 e artigo 37, \u00a7 2\u00b0. No qual aduz que a Sess\u00e3o Ordin\u00e1ria ter\u00e1 inicio \u00e1s 19:00 horas com t\u00e9rmino previsto as 22:00 horas, onde n\u00e3o sendo verificado a presen\u00e7a de pelo menos 05 (cinco) vereadores, aguardar\u00e1 at\u00e9 15 minutos, persistindo a falta de qu\u00f3rum, o Presidente declarar\u00e1 que n\u00e3o poder\u00e1 haver\u00a0 Sess\u00e3o por falta de qu\u00f3rum regimental.</p>\r\n<p style=\"text-align: justify; \">\u00a0\u00a0\u00a0\u00a0\u00a0\u00a0\u00a0 Informa ainda tamb\u00e9m que os vereadores que n\u00e3o estavam presentes no plen\u00e1rio, se encontravam nas depend\u00eancias da C\u00e2mara Municipal e mesmo sendo feito 04 (quatro) chamadas solicitando a presen\u00e7a dos nobres vereadores, os mesmos se abstiveram e n\u00e3o respeitaram o hor\u00e1rio de funcionamento de in\u00edcio das Sess\u00f5es Legislativas. Desta forma, a Presidente da C\u00e2mara Municipal de Pl\u00e1cido de Castro , em cumprimento legal a legisla\u00e7\u00e3o interna, declarou aberta a Sess\u00e3o e logo em seguida declarou encerrada a mesma as 19:00 e 20 minutos, sendo tudo registrado por \u00e1udio nos anais da casa e lista de presen\u00e7a assinada pelos vereadores que se encontravam em plen\u00e1rio no hor\u00e1rio previsto.</p>", "author_name": "suporte_wendel", "version": "1.0", "author_url": "https://www.placidodecastro.ac.leg.br/author/suporte_wendel", "provider_name": "C\u00e2mara Municipal", "type": "rich"}