{"provider_url": "https://www.placidodecastro.ac.leg.br", "title": "RETORNO DO RECESSO PARLAMENTAR", "html": "<p style=\"text-align: justify; \">\u00a0 \u00a0 \u00a0 \u00a0 \u00a0 \u00a0Depois de um per\u00edodo de 30 dias de recesso parlamentar, a C\u00e2mara Municipal de Pl\u00e1cido de Castro, retorna hoje dia 20 de fevereiro de 2024, com a realiza\u00e7\u00e3o da primeira sess\u00e3o ordin\u00e1ria da Terceira Sess\u00e3o Legislativa da D\u00e9cima Primeira Legislatura da C\u00e2mara Municipal de Pl\u00e1cido de Castro, que ser\u00e1 realizada na Sala das Sess\u00f5es Professor Pedro de Castro Meireles, as 19:00.</p>\r\n<p style=\"text-align: justify; \">\u00a0 \u00a0 \u00a0 \u00a0 \u00a0 \u00a0 \u00a0 \u00a0Com isso ser\u00e1 aberto os trabalhos Legislativos da Casa, com retornos dos debates e delibera\u00e7\u00f5es de Projetos que visam a melhoria e desenvolvimento do Munic\u00edpio de Pl\u00e1cido de Castro.</p>", "author_name": "", "version": "1.0", "author_url": "https://www.placidodecastro.ac.leg.br/author/wendel", "provider_name": "C\u00e2mara Municipal", "type": "rich"}